{"id":3202,"date":"2015-01-15T17:12:35","date_gmt":"2015-01-15T17:12:35","guid":{"rendered":"http:\/\/lluisguerra.com\/wordpress\/?post_type=news&#038;p=3202"},"modified":"2015-04-03T05:43:20","modified_gmt":"2015-04-03T05:43:20","slug":"vespre-democions-i-nadal","status":"publish","type":"news","link":"https:\/\/www.lluisguerra.com\/wordpress\/?news=vespre-democions-i-nadal","title":{"rendered":"Vespre d&#8217;emocions i Nadal."},"content":{"rendered":"<p><a href=\"https:\/\/lluisguerra.com\/wordpress\/wordpress\/wp-content\/uploads\/2015\/01\/untitled-event-59.jpg\"><img loading=\"lazy\" decoding=\"async\" src=\"https:\/\/lluisguerra.com\/wordpress\/wordpress\/wp-content\/uploads\/2015\/01\/untitled-event-59-1024x683.jpg\" alt=\"untitled event - 59\" width=\"640\" height=\"426\" class=\"alignnone size-large wp-image-3205\" srcset=\"https:\/\/www.lluisguerra.com\/wordpress\/wp-content\/uploads\/2015\/01\/untitled-event-59-1024x683.jpg 1024w, https:\/\/www.lluisguerra.com\/wordpress\/wp-content\/uploads\/2015\/01\/untitled-event-59-300x200.jpg 300w, https:\/\/www.lluisguerra.com\/wordpress\/wp-content\/uploads\/2015\/01\/untitled-event-59-600x400.jpg 600w, https:\/\/www.lluisguerra.com\/wordpress\/wp-content\/uploads\/2015\/01\/untitled-event-59.jpg 1280w\" sizes=\"auto, (max-width: 640px) 100vw, 640px\" \/><\/a><\/p>\n<p><a href=\"https:\/\/lluisguerra.com\/wordpress\/wordpress\/wp-content\/uploads\/2015\/01\/untitled-event-62.jpg\"><img loading=\"lazy\" decoding=\"async\" src=\"https:\/\/lluisguerra.com\/wordpress\/wordpress\/wp-content\/uploads\/2015\/01\/untitled-event-62-1024x684.jpg\" alt=\"untitled event - 62\" width=\"640\" height=\"427\" class=\"alignnone size-large wp-image-3203\" \/><\/a> <\/p>\n<p><a href=\"https:\/\/lluisguerra.com\/wordpress\/wordpress\/wp-content\/uploads\/2015\/01\/untitled-event-48.jpg\"><img loading=\"lazy\" decoding=\"async\" src=\"https:\/\/lluisguerra.com\/wordpress\/wordpress\/wp-content\/uploads\/2015\/01\/untitled-event-48-1024x683.jpg\" alt=\"untitled event - 48\" width=\"640\" height=\"426\" class=\"alignnone size-large wp-image-3204\" srcset=\"https:\/\/www.lluisguerra.com\/wordpress\/wp-content\/uploads\/2015\/01\/untitled-event-48-1024x683.jpg 1024w, https:\/\/www.lluisguerra.com\/wordpress\/wp-content\/uploads\/2015\/01\/untitled-event-48-300x200.jpg 300w, https:\/\/www.lluisguerra.com\/wordpress\/wp-content\/uploads\/2015\/01\/untitled-event-48-600x400.jpg 600w, https:\/\/www.lluisguerra.com\/wordpress\/wp-content\/uploads\/2015\/01\/untitled-event-48.jpg 1280w\" sizes=\"auto, (max-width: 640px) 100vw, 640px\" \/><\/a><\/p>\n<p><strong>fotos: Xavi Solanellas<\/strong><\/p>\n<p>Lluis Guerra present\u00e0 un  nou concert el passat 27 de Desembre coincidint amb les celebracions nadalenques. Aquesta vegada en format electr\u00f2nic va oferir un collage de peces del seu proper \u00e0lbum d&#8217;electr\u00f2nica <strong>&#8216;natura &#038; ASFALT&#8217;<\/strong>, amb l&#8217;estrena de dues peces composades especialment per l&#8217;ocasi\u00f3 que van tenir una bona acollida: <em>&#8220;Save my live&#8221;<\/em> i <em>&#8220;Broken Jar&#8221;<\/em>. El compositor va abordar tamb\u00e9 peces a piano sol del seu \u00e0lbum <strong>&#8220;Points of View&#8221;<\/strong> i alguna can\u00e7\u00f3 cantada del projecte de cantautor en proc\u00e9s anomenat <strong>&#8220;El mar verd&#8221;<\/strong>. <\/p>\n<p>Hi va haver tamb\u00e9 participaci\u00f3 del p\u00fablic aficionat en l&#8217;elecci\u00f3 del repertori, votant pr\u00e8viament a trav\u00e9s de la web <a href=\"https:\/\/www.lluisguerra.com\">lluisguerra.com<\/a>, sortint com a m\u00e9s votada la composici\u00f3 &#8220;Puff&#8217;s&#8221; en la seva versi\u00f3 electr\u00f2nica. <\/p>\n<p>El proper concert &#8216;Gira est\u00e0tica&#8217; est\u00e0 previst que sigui al mes de Febrer, les dates sortiran anunciades a la web. <\/p>\n","protected":false},"excerpt":{"rendered":"<p>Vegeu les fotos del concert que Lluis Guerra present\u00e0  el passat 27 de Desembre coincidint amb les celebracions nadalenques.  <a href=\"https:\/\/www.lluisguerra.com\/wordpress\/?news=vespre-democions-i-nadal\">&#8230; <\/a><\/p>\n","protected":false},"author":1,"featured_media":0,"menu_order":0,"comment_status":"open","ping_status":"open","template":"","meta":{"footnotes":""},"categories":[121,17],"tags":[],"class_list":["post-3202","news","type-news","status-publish","hentry","category-news-lluisgrecas","category-news"],"_links":{"self":[{"href":"https:\/\/www.lluisguerra.com\/wordpress\/index.php?rest_route=\/wp\/v2\/news\/3202","targetHints":{"allow":["GET"]}}],"collection":[{"href":"https:\/\/www.lluisguerra.com\/wordpress\/index.php?rest_route=\/wp\/v2\/news"}],"about":[{"href":"https:\/\/www.lluisguerra.com\/wordpress\/index.php?rest_route=\/wp\/v2\/types\/news"}],"author":[{"embeddable":true,"href":"https:\/\/www.lluisguerra.com\/wordpress\/index.php?rest_route=\/wp\/v2\/users\/1"}],"replies":[{"embeddable":true,"href":"https:\/\/www.lluisguerra.com\/wordpress\/index.php?rest_route=%2Fwp%2Fv2%2Fcomments&post=3202"}],"version-history":[{"count":8,"href":"https:\/\/www.lluisguerra.com\/wordpress\/index.php?rest_route=\/wp\/v2\/news\/3202\/revisions"}],"predecessor-version":[{"id":3294,"href":"https:\/\/www.lluisguerra.com\/wordpress\/index.php?rest_route=\/wp\/v2\/news\/3202\/revisions\/3294"}],"wp:attachment":[{"href":"https:\/\/www.lluisguerra.com\/wordpress\/index.php?rest_route=%2Fwp%2Fv2%2Fmedia&parent=3202"}],"wp:term":[{"taxonomy":"category","embeddable":true,"href":"https:\/\/www.lluisguerra.com\/wordpress\/index.php?rest_route=%2Fwp%2Fv2%2Fcategories&post=3202"},{"taxonomy":"post_tag","embeddable":true,"href":"https:\/\/www.lluisguerra.com\/wordpress\/index.php?rest_route=%2Fwp%2Fv2%2Ftags&post=3202"}],"curies":[{"name":"wp","href":"https:\/\/api.w.org\/{rel}","templated":true}]}}